{"id":7902,"date":"2026-04-27T09:08:36","date_gmt":"2026-04-27T07:08:36","guid":{"rendered":"https:\/\/mwieczorek-fantastyka.pl\/?p=7902"},"modified":"2026-04-27T09:12:36","modified_gmt":"2026-04-27T07:12:36","slug":"glupi-pan-b","status":"publish","type":"post","link":"https:\/\/mwieczorek-fantastyka.pl\/index.php\/2026\/04\/27\/glupi-pan-b\/","title":{"rendered":"G\u0142upi pan B."},"content":{"rendered":"\n<p><\/p>\n\n\n\n<p>Znany w warszawskim fandomie pan B. podaje si\u0119 za mojego psychiatr\u0119. Jest to idiota, kt\u00f3ry tylko twierdzi, \u017ce jest moim psychiatr\u0105. Co wi\u0119cej uwa\u017ca te\u017c, \u017ce Roman jest moim &#8222;m\u0119\u017cem&#8221;, a Renata &#8222;siostr\u0105&#8221;. Uwa\u017ca, \u017ce rozmawia\u0142 z moimi &#8222;rodzicami&#8221; &#8211; znaczy si\u0119 zast\u0119pczymi, czyli tak dok\u0142adniej rozmawia\u0142 dok\u0142adnie z lud\u017ami, kt\u00f3rzy s\u0105 dla mnie nikim. Tak si\u0119 sk\u0142ada, \u017ce Barbara i Ryszard s\u0105 wariatami, kt\u00f3rzy gn\u0119bi\u0105 moj\u0105 rodzin\u0119 od czas\u00f3w mojej podstaw\u00f3wki.  Pojawili si\u0119 mojej szkole, twierdz\u0105c, \u017ce s\u0105 moimi &#8222;nowymi rodzicami&#8221;.  Ludzie ca\u0142kowicie ze mn\u0105 nie spokrewnieni zacz\u0119li cierpie\u0107 na bardzo silne urojenia na m\u00f3j temat i wci\u0105gn\u0119li w to kilka os\u00f3b z Avangardy ju\u017c wtedy.<\/p>\n\n\n\n<p>Sko\u0144czy\u0142o si\u0119 to tym, \u017ce zniszczono mi karier\u0119 sportow\u0105, \u017cycie osobiste oraz \u017cycie zawodowe, nawet w zawodzie nauczycielskim z powodu &#8222;opieki&#8221; tych wariat\u00f3w oraz ich enabler\u00f3w mam polokowane awanse, poniewa\u017c rozpad\u0142am psychicznie tak bardzo, \u017ce nie jestem w stanie wype\u0142ni\u0107 warunk\u00f3w, \u017ceby awansowa\u0107. Jednym s\u0142owem, moje \u017cycie to piek\u0142o. Czyste, \u017cywi\u0119 piek\u0142o. M\u00f3wi\u0119 to szczerze, bo ju\u017c wielokrotnie, gdy mia\u0142am za\u0142o\u017cy\u0107 rodzin\u0119 lub robi\u0107 co\u015b ciekawego zawodowo, to uruchamiali si\u0119 wariaci oraz ich wielbicie i niszczono mi wszystko, sabotuj\u0105c, co tylko si\u0119 da. W \u017cyciu tym osobom nie podzi\u0119kuj\u0119, bo w\u0142o\u017cyli mn\u00f3stwo wysi\u0142ku, alby upewnia\u0107 prze\u015bladuj\u0105cych mnie wariat\u00f3w, \u017ce robi\u0105 dobrze i ju\u017c zawsze b\u0119d\u0105 chronieni. <\/p>\n\n\n\n<p>Przera\u017ca mnie, \u017ce wzi\u0119li w tym udzia\u0142 psychiatrzy. Tak si\u0119 sk\u0142ada, \u017ce jestem z lekarskiej rodziny i ju\u017c w dzieci\u0144stwie przeczyta\u0142am studencki podr\u0119cznik psychiatrii mojej siostry, wi\u0119c wiem, na jakiej podstawie wolno diagnozowa\u0107 ludzi. Na pewno nie s\u0105 to szlochy schizofrenik\u00f3w oraz ich urojenia. Schizofrenicy z regu\u0142y maj\u0105 zwyczaj pomawia\u0107 swojej ofiary o chorob\u0119 psychiczn\u0105 i szczu\u0107 na nich psychiatr\u00f3w i psycholog\u00f3w. Dlatego te\u017c wolno diagnozowa\u0107 tylko na podstawie tego, co m\u00f3wi im diagnozowany cz\u0142owiek i tylko w gabinecie, do kt\u00f3rego sam z w\u0142asnej woli przyszed\u0142. Inaczej pope\u0142nia si\u0119 bardzo du\u017cy b\u0142\u0105d medyczny. Psycholodzy wiedz\u0105, jak mn\u00f3stwo mo\u017cna pope\u0142ni\u0107 b\u0142\u0119d\u00f3w poznawczych i jak bardzo mo\u017cna si\u0119 pomyli\u0107 w ocenie. Istnieje te\u017c zakaz diagnozowania na podstawie tego, co m\u00f3wi\u0105 krewni (bo to oni mog\u0105 by\u0107 problemem), wi\u0119c tym bardziej nie diagnozuje si\u0119 na podstawie wynurze\u0144 ludzi, kt\u00f3rzy s\u0105 &#8222;krewnymi&#8221; tylko z urojenia.<\/p>\n\n\n\n<p>Abslutnie bezczelny pan B. oraz jego g\u0142upia c\u00f3rka &#8211; tak samo jak pa\u0144stwo Ch. &#8211; prze\u015bladuj\u0105 mnie od dzieci\u0144stwa, wmawiaj\u0105c mi, \u017ce nie jestem osob\u0105, za kt\u00f3r\u0105 si\u0119 podaj\u0119 i \u017ce moje dane osobowe s\u0105 sfa\u0142szowane. Wszyscy razem zniszczyli mi ca\u0142e \u017cycie. Tak samo zniszczyli Krystyn\u0119, kt\u00f3ra nie powinna wierzy\u0107, \u017ce m\u0105\u017c (szczeg\u00f3lnie taki, kt\u00f3ry sobie tylko uroi\u0142, \u017ce jest m\u0119\u017cem) mo\u017ce dysponowa\u0107 czyim\u015b maj\u0105tkiem czy w\u0142asno\u015bci\u0105 intelektualn\u0105. \u017baden m\u0105\u017c czy te\u017c &#8222;m\u0105\u017c&#8221; nie jest w\u0142a\u015bcicielem niewolnicy i nie mo\u017ce ni\u0105 dysponowa\u0107. Ale si\u0119 nie dziwi\u0119 takiemu podej\u015bciu Romana &#8211; jak mi powiedzia\u0142 &#8211; jego mama by\u0142a prostytutk\u0105 i to zaj\u0119cie przej\u0119\u0142a potem jego siostra. Nie dziwi mnie wi\u0119c, \u017ce ma poj\u0119cie o relacjach mi\u0119dzyludzkich godne alfonsa.<\/p>\n\n\n\n<p>A co do pa\u0144stwa B. mog\u0119 powiedzie\u0107 tylko jedno &#8211; napadli na kogo\u015b, kto wci\u0105gn\u0105\u0107 w latach dziewi\u0119\u0107dziesi\u0105tych tak podr\u0119cznik b\u0142\u0119d\u00f3w medycznych, wi\u0119c jestem gotowa, aby wy\u0142apywa\u0107 b\u0142\u0119dy lekarzy prowadzi\u0107 w takich sprawach \u015bledztwo. Je\u015bli przedstawiam si\u0119 jako profiler medyczny, to jest to prawda, bo wiem, jakie przepisy prawa o zawodzie lekarza zosta\u0142y z\u0142amane podczas niszczenie mi \u017cycia na zam\u00f3wienie schizofrenik\u00f3w. <\/p>\n\n\n\n<p>Za mn\u0105 stoj\u0105 dokumenty opublikowane na blogu. Nie jestem m\u0119\u017catk\u0105, a moi rodzice nie nazywaj\u0105 si\u0119 Mariusz i Halina. M\u00f3j tata jest pomawiany o gwa\u0142t, za to gwa\u0142cicielami byli jak najbardziej ojciec Romana i jego kumpel Ryszard.   <\/p>\n\n\n\n<p>Z pa\u0144stwem B. &#8211; tak samo jak z kilkoma innymi przedstawicielami warszawskiego fandomu &#8211; zamierzam widzie\u0107 si\u0119 ju\u017c tylko w s\u0105dzie. Tym bardziej, \u017ce Ani Brzezi\u0144skiej nic z\u0142ego, wbrew pom\u00f3wieniom pa\u0144stwa B oraz wariat\u00f3w, nie zrobi\u0142am. Jest ofiar\u0105 pom\u00f3wie\u0144 tego gangu schizofrenik\u00f3w, tak samo jak ja i te\u017c by\u0142a przez nich atakowana. Sama widzia\u0142am ataki Ryszarda na ni\u0105.  <\/p>\n","protected":false},"excerpt":{"rendered":"<p>Znany w warszawskim fandomie pan B. podaje si\u0119 za mojego psychiatr\u0119. Jest to idiota, kt\u00f3ry tylko twierdzi, \u017ce jest moim psychiatr\u0105. Co wi\u0119cej uwa\u017ca te\u017c, \u017ce Roman jest moim &#8222;m\u0119\u017cem&#8221;, a Renata &#8222;siostr\u0105&#8221;. Uwa\u017ca, \u017ce rozmawia\u0142 z moimi &#8222;rodzicami&#8221; &#8211; znaczy si\u0119 zast\u0119pczymi, czyli tak dok\u0142adniej rozmawia\u0142 dok\u0142adnie z lud\u017ami, kt\u00f3rzy s\u0105 dla mnie nikim. &hellip; <a href=\"https:\/\/mwieczorek-fantastyka.pl\/index.php\/2026\/04\/27\/glupi-pan-b\/\" class=\"more-link\">Czytaj dalej <span class=\"screen-reader-text\">G\u0142upi pan B.<\/span> <span class=\"meta-nav\">&rarr;<\/span><\/a><\/p>\n","protected":false},"author":1,"featured_media":0,"comment_status":"open","ping_status":"open","sticky":false,"template":"","format":"standard","meta":{"footnotes":""},"categories":[1],"tags":[],"class_list":["post-7902","post","type-post","status-publish","format-standard","hentry","category-rozne-2"],"_links":{"self":[{"href":"https:\/\/mwieczorek-fantastyka.pl\/index.php\/wp-json\/wp\/v2\/posts\/7902","targetHints":{"allow":["GET"]}}],"collection":[{"href":"https:\/\/mwieczorek-fantastyka.pl\/index.php\/wp-json\/wp\/v2\/posts"}],"about":[{"href":"https:\/\/mwieczorek-fantastyka.pl\/index.php\/wp-json\/wp\/v2\/types\/post"}],"author":[{"embeddable":true,"href":"https:\/\/mwieczorek-fantastyka.pl\/index.php\/wp-json\/wp\/v2\/users\/1"}],"replies":[{"embeddable":true,"href":"https:\/\/mwieczorek-fantastyka.pl\/index.php\/wp-json\/wp\/v2\/comments?post=7902"}],"version-history":[{"count":3,"href":"https:\/\/mwieczorek-fantastyka.pl\/index.php\/wp-json\/wp\/v2\/posts\/7902\/revisions"}],"predecessor-version":[{"id":7905,"href":"https:\/\/mwieczorek-fantastyka.pl\/index.php\/wp-json\/wp\/v2\/posts\/7902\/revisions\/7905"}],"wp:attachment":[{"href":"https:\/\/mwieczorek-fantastyka.pl\/index.php\/wp-json\/wp\/v2\/media?parent=7902"}],"wp:term":[{"taxonomy":"category","embeddable":true,"href":"https:\/\/mwieczorek-fantastyka.pl\/index.php\/wp-json\/wp\/v2\/categories?post=7902"},{"taxonomy":"post_tag","embeddable":true,"href":"https:\/\/mwieczorek-fantastyka.pl\/index.php\/wp-json\/wp\/v2\/tags?post=7902"}],"curies":[{"name":"wp","href":"https:\/\/api.w.org\/{rel}","templated":true}]}}